{"id":809,"date":"2011-01-31T11:32:51","date_gmt":"2011-01-31T10:32:51","guid":{"rendered":"https:\/\/www.the-peters.de\/?p=809"},"modified":"2011-01-31T12:04:18","modified_gmt":"2011-01-31T11:04:18","slug":"50-km-rodgau","status":"publish","type":"post","link":"https:\/\/www.the-peters.de\/?p=809","title":{"rendered":"50 Km Rodgau"},"content":{"rendered":"<p><img loading=\"lazy\" decoding=\"async\" class=\"ngg-singlepic ngg-left alignleft\" src=\"https:\/\/www.the-peters.de\/wp-content\/gallery\/29-januar-2011-50-km-rodgau\/110129004.jpg\" alt=\"110129004\" width=\"270\" height=\"360\" \/>Im letzten Jahr hat das winterliche Wetter einen Start in Rodgau verhindert und deshalb haben wir uns dieses Jahr entschlossen, schon am Freitag anzureisen. Ein Hotel ca. 800 Meter von der Veranstaltungshalle entfernt war schnell gefunden und wir hatten sogar das Gl\u00fcck, dass wir das Zimmer am Samstag erst am sp\u00e4ten Nachmittag r\u00e4umen mussten. Resi wollte zusammen mit mir f\u00fcnfzehn Kilometer laufen und hatte danach die Gelegenheit im Hotel zu duschen und dann wieder zur Strecke zu kommen.<\/p>\n<p>Am Samstagmorgen machten wir uns gegen halb neun zu Fu\u00df auf den Weg zur Startnummernausgabe, Resi meldete sich nach und erhielt zuf\u00e4llig die Startnummer 1023, also Monat und Tag ihres Geburtsdatums und es konnte ja eigentlich nichts mehr schiefgehen.<\/p>\n<p>In der Halle war ein Streakrunnertreffen organisiert und das Schild mit der Aufschrift streakcity war schnell gefunden und so lernten wir einige der positiv Laufverr\u00fcckten der Community kennen und nach einer kurzen Fotosession machten wir uns auf den Weg zum ca. einen Kilometer entfernten Start- und Zielbereich. Dort trafen wir dann noch Walter Wehling aus unserem Lauftreff und um Punkt zehn Uhr ging es bei Temperaturen knapp unter dem Gefrierpunkt aber strahlendem Sonnenschein auf den f\u00fcnf Kilometer Rundkurs durch die Freizeitanlage G\u00e4nsbr\u00fch. Diese Runde war sehr gut zu belaufen und sehr abwechslungsreich ging es durch Wald- und Wiesenabschnitte, der sch\u00f6nste Teil der Strecke war sicher der Abschnitt mit dem Wendepunkt, wo einem die Teilnehmer des L\u00e4uferfeldes entgegen kamen und in diesem Teil war auch ein Sanit\u00e4tswagen stationiert, der uns mit fetziger Musik den ganzen Rennverlauf \u00fcber unterhielt.<\/p>\n<p>Nat\u00fcrlich waren wir in der ersten Runde viel zu schnell aber danach lief es f\u00fcr uns bei einem Schnitt von 6:50 Min\/Km bestens und Resi lief nicht wie eigentlich geplant f\u00fcnfzehn Kilometer sondern h\u00e4ngte bei Kaiserwetter noch eine Runde dran und hatte nach zwanzig Kilometern und einer Zeit von 2:17:29 einen wundersch\u00f6nen langen Lauf gemacht.<\/p>\n<p>Ich versuchte dann, das Tempo etwas zu steigern und bis Kilometer vierzig ist mir das auch gelungen, ich war auf der Runde ca. zwei Minuten schneller und erreichte nach 4:45:12 Stunden die Marathonmarke, musste jedoch ab diesem Zeitpunkt dem doch zu hohen Tempo Tribut zollen und erreichte bis zum Ziel wieder die Rundenzeiten der ersten mit Resi gelaufenen zwanzig Kilometer. Resi hatte zwischenzeitlich im Hotel geduscht, ausgecheckt, war wieder zur Strecke zur\u00fcckgekehrt und es hat gutgetan, sie bei den Durchl\u00e4ufen der letzten beiden Runden im Zielbereich zu sehen. Mein Ziel, unter 5:45 Stunden zu bleiben, erreichte ich mit der Endzeit von 5:41:29 Stunden ganz locker, wobei besonders die letzte Runde doch verdammt hart war.<\/p>\n<p>Dann der einzige Wehrmutstropfen dieses tollen Laufevents: die Duschen im nahe gelegenen Sportzentrum blieben leider kalt aber sp\u00e4testens beim riesigen Kuchenbuffet und der Belohnung der Strakrunner in Form der obligatorischen K\u00f6hlerk\u00fcsse war auch dieses kleine Manko schnell vergessen. Fazit dieser Veranstaltung: ein tolles Laufevent, dass man nur weiter empfehlen kann.<\/p>\n<p>[nggallery id=24]<\/p>\n<div class=\"shariff shariff-align-left shariff-widget-align-left\" data-services=\"facebook\" data-url=\"https:\/\/www.the-peters.de\/?p=809\" data-timestamp=\"1296475458\" data-backendurl=\"?rest_route=\/shariff\/v1\/share_counts&\"><ul class=\"shariff-buttons theme-round orientation-horizontal buttonsize-medium\"><li class=\"shariff-button facebook shariff-nocustomcolor\" style=\"background-color:#4273c8\"><a href=\"https:\/\/www.facebook.com\/sharer\/sharer.php?u=https%3A%2F%2Fwww.the-peters.de%2F%3Fp%3D809\" title=\"Bei Facebook teilen\" aria-label=\"Bei Facebook teilen\" role=\"button\" rel=\"nofollow\" class=\"shariff-link\" style=\"; background-color:#3b5998; color:#fff\" target=\"_blank\"><span class=\"shariff-icon\" style=\"\"><svg width=\"32px\" height=\"20px\" xmlns=\"http:\/\/www.w3.org\/2000\/svg\" viewBox=\"0 0 18 32\"><path fill=\"#3b5998\" d=\"M17.1 0.2v4.7h-2.8q-1.5 0-2.1 0.6t-0.5 1.9v3.4h5.2l-0.7 5.3h-4.5v13.6h-5.5v-13.6h-4.5v-5.3h4.5v-3.9q0-3.3 1.9-5.2t5-1.8q2.6 0 4.1 0.2z\"\/><\/svg><\/span><\/a><\/li><li class=\"shariff-button whatsapp shariff-nocustomcolor\" style=\"background-color:#5cbe4a\"><a href=\"https:\/\/api.whatsapp.com\/send?text=https%3A%2F%2Fwww.the-peters.de%2F%3Fp%3D809%2050%20Km%20Rodgau\" title=\"Bei Whatsapp teilen\" aria-label=\"Bei Whatsapp teilen\" role=\"button\" rel=\"noopener nofollow\" class=\"shariff-link\" style=\"; background-color:#34af23; color:#fff\" target=\"_blank\"><span class=\"shariff-icon\" style=\"\"><svg width=\"32px\" height=\"20px\" xmlns=\"http:\/\/www.w3.org\/2000\/svg\" viewBox=\"0 0 32 32\"><path fill=\"#34af23\" d=\"M17.6 17.4q0.2 0 1.7 0.8t1.6 0.9q0 0.1 0 0.3 0 0.6-0.3 1.4-0.3 0.7-1.3 1.2t-1.8 0.5q-1 0-3.4-1.1-1.7-0.8-3-2.1t-2.6-3.3q-1.3-1.9-1.3-3.5v-0.1q0.1-1.6 1.3-2.8 0.4-0.4 0.9-0.4 0.1 0 0.3 0t0.3 0q0.3 0 0.5 0.1t0.3 0.5q0.1 0.4 0.6 1.6t0.4 1.3q0 0.4-0.6 1t-0.6 0.8q0 0.1 0.1 0.3 0.6 1.3 1.8 2.4 1 0.9 2.7 1.8 0.2 0.1 0.4 0.1 0.3 0 1-0.9t0.9-0.9zM14 26.9q2.3 0 4.3-0.9t3.6-2.4 2.4-3.6 0.9-4.3-0.9-4.3-2.4-3.6-3.6-2.4-4.3-0.9-4.3 0.9-3.6 2.4-2.4 3.6-0.9 4.3q0 3.6 2.1 6.6l-1.4 4.2 4.3-1.4q2.8 1.9 6.2 1.9zM14 2.2q2.7 0 5.2 1.1t4.3 2.9 2.9 4.3 1.1 5.2-1.1 5.2-2.9 4.3-4.3 2.9-5.2 1.1q-3.5 0-6.5-1.7l-7.4 2.4 2.4-7.2q-1.9-3.2-1.9-6.9 0-2.7 1.1-5.2t2.9-4.3 4.3-2.9 5.2-1.1z\"\/><\/svg><\/span><\/a><\/li><li class=\"shariff-button mailto shariff-nocustomcolor\" style=\"background-color:#a8a8a8\"><a href=\"mailto:?body=https%3A%2F%2Fwww.the-peters.de%2F%3Fp%3D809&subject=50%20Km%20Rodgau\" title=\"Per E-Mail versenden\" aria-label=\"Per E-Mail versenden\" role=\"button\" rel=\"noopener nofollow\" class=\"shariff-link\" style=\"; background-color:#999; color:#fff\"><span class=\"shariff-icon\" style=\"\"><svg width=\"32px\" height=\"20px\" xmlns=\"http:\/\/www.w3.org\/2000\/svg\" viewBox=\"0 0 32 32\"><path fill=\"#999\" d=\"M32 12.7v14.2q0 1.2-0.8 2t-2 0.9h-26.3q-1.2 0-2-0.9t-0.8-2v-14.2q0.8 0.9 1.8 1.6 6.5 4.4 8.9 6.1 1 0.8 1.6 1.2t1.7 0.9 2 0.4h0.1q0.9 0 2-0.4t1.7-0.9 1.6-1.2q3-2.2 8.9-6.1 1-0.7 1.8-1.6zM32 7.4q0 1.4-0.9 2.7t-2.2 2.2q-6.7 4.7-8.4 5.8-0.2 0.1-0.7 0.5t-1 0.7-0.9 0.6-1.1 0.5-0.9 0.2h-0.1q-0.4 0-0.9-0.2t-1.1-0.5-0.9-0.6-1-0.7-0.7-0.5q-1.6-1.1-4.7-3.2t-3.6-2.6q-1.1-0.7-2.1-2t-1-2.5q0-1.4 0.7-2.3t2.1-0.9h26.3q1.2 0 2 0.8t0.9 2z\"\/><\/svg><\/span><\/a><\/li><li class=\"shariff-button info shariff-nocustomcolor\" style=\"background-color:#eee\"><a href=\"http:\/\/ct.de\/-2467514\" title=\"Weitere Informationen\" aria-label=\"Weitere Informationen\" role=\"button\" rel=\"noopener \" class=\"shariff-link\" style=\"; background-color:#fff; color:#fff\" target=\"_blank\"><span class=\"shariff-icon\" style=\"\"><svg width=\"32px\" height=\"20px\" xmlns=\"http:\/\/www.w3.org\/2000\/svg\" viewBox=\"0 0 11 32\"><path fill=\"#999\" d=\"M11.4 24v2.3q0 0.5-0.3 0.8t-0.8 0.4h-9.1q-0.5 0-0.8-0.4t-0.4-0.8v-2.3q0-0.5 0.4-0.8t0.8-0.4h1.1v-6.8h-1.1q-0.5 0-0.8-0.4t-0.4-0.8v-2.3q0-0.5 0.4-0.8t0.8-0.4h6.8q0.5 0 0.8 0.4t0.4 0.8v10.3h1.1q0.5 0 0.8 0.4t0.3 0.8zM9.2 3.4v3.4q0 0.5-0.4 0.8t-0.8 0.4h-4.6q-0.4 0-0.8-0.4t-0.4-0.8v-3.4q0-0.4 0.4-0.8t0.8-0.4h4.6q0.5 0 0.8 0.4t0.4 0.8z\"\/><\/svg><\/span><\/a><\/li><\/ul><\/div>","protected":false},"excerpt":{"rendered":"<p>Im letzten Jahr hat das winterliche Wetter einen Start in Rodgau verhindert und deshalb haben wir uns dieses Jahr entschlossen, schon am Freitag anzureisen. Ein Hotel ca. 800 Meter von &#8230;<\/p>\n","protected":false},"author":3,"featured_media":0,"comment_status":"open","ping_status":"open","sticky":false,"template":"","format":"standard","meta":{"footnotes":""},"categories":[6],"tags":[29,18,19,8],"class_list":["post-809","post","type-post","status-publish","format-standard","hentry","category-laufen","tag-resi-peters","tag-streakrunner","tag-taglich-laufen","tag-ultramarathon"],"_links":{"self":[{"href":"https:\/\/www.the-peters.de\/index.php?rest_route=\/wp\/v2\/posts\/809","targetHints":{"allow":["GET"]}}],"collection":[{"href":"https:\/\/www.the-peters.de\/index.php?rest_route=\/wp\/v2\/posts"}],"about":[{"href":"https:\/\/www.the-peters.de\/index.php?rest_route=\/wp\/v2\/types\/post"}],"author":[{"embeddable":true,"href":"https:\/\/www.the-peters.de\/index.php?rest_route=\/wp\/v2\/users\/3"}],"replies":[{"embeddable":true,"href":"https:\/\/www.the-peters.de\/index.php?rest_route=%2Fwp%2Fv2%2Fcomments&post=809"}],"version-history":[{"count":0,"href":"https:\/\/www.the-peters.de\/index.php?rest_route=\/wp\/v2\/posts\/809\/revisions"}],"wp:attachment":[{"href":"https:\/\/www.the-peters.de\/index.php?rest_route=%2Fwp%2Fv2%2Fmedia&parent=809"}],"wp:term":[{"taxonomy":"category","embeddable":true,"href":"https:\/\/www.the-peters.de\/index.php?rest_route=%2Fwp%2Fv2%2Fcategories&post=809"},{"taxonomy":"post_tag","embeddable":true,"href":"https:\/\/www.the-peters.de\/index.php?rest_route=%2Fwp%2Fv2%2Ftags&post=809"}],"curies":[{"name":"wp","href":"https:\/\/api.w.org\/{rel}","templated":true}]}}