{"id":367,"date":"2010-05-04T14:16:20","date_gmt":"2010-05-04T12:16:20","guid":{"rendered":"https:\/\/www.the-peters.de\/?p=367"},"modified":"2010-11-15T09:00:55","modified_gmt":"2010-11-15T08:00:55","slug":"dusseldorf-marathon-2","status":"publish","type":"post","link":"https:\/\/www.the-peters.de\/?p=367","title":{"rendered":"D\u00fcsseldorf Marathon"},"content":{"rendered":"<p><img loading=\"lazy\" decoding=\"async\" class=\"alignleft size-full wp-image-368\" title=\"werner_ddorf\" src=\"https:\/\/www.the-peters.de\/wp-content\/uploads\/2010\/05\/werner_ddorf.jpg\" alt=\"\" width=\"300\" height=\"243\" srcset=\"https:\/\/www.the-peters.de\/wp-content\/uploads\/2010\/05\/werner_ddorf.jpg 300w, https:\/\/www.the-peters.de\/wp-content\/uploads\/2010\/05\/werner_ddorf-86x70.jpg 86w\" sizes=\"auto, (max-width: 300px) 100vw, 300px\" \/>Als geb\u00fcrtigem Neurather hat es mich als Jugendlicher immer schon Richtung D\u00fcsseldorf getrieben und auch meine Berufsausbildung und meinen Einstieg in die Berufswelt habe ich in unserer Landeshauptstadt erlebt. So war es f\u00fcr mich eigentlich klar, den D\u00fcsseldorf Marathon, den l\u00e4ufst Du auch noch einmal. Dieses Jahr war es nun endlich soweit, der Termin passte in die Jahresplanung und am 2. Mai 2010 um 9:30 stand ich im Startblock zusammen mit Uwe Wahnfried aus unserem Lauftreff, der sich kurzerhand am Samstag entschieden hat, auch in D\u00fcsseldorf zu laufen.<\/p>\n<p>Zwei Dinge hatte ich mir f\u00fcr diesen Marathon vorgenommen: Endzeit unter 4:30 Stunden und die zweite H\u00e4lfte schneller als die erste laufen. Da Uwe etwa die gleichen Ziele hatte, passte es also wunderbar, zusammen zu laufen. Die ersten 10 Kilometer waren mit einem Ausflug auf die andere Rheinseite in Oberkassel nach 63 Minuten passiert und wir entschieden uns, das Tempo etwas herauszunehmen, da Uwe Angst hatte im letzten Teil der Strecke einzubrechen, da ihm die langen L\u00e4ufe \u00fcber 30 Kilometer in der Vorbereitung fehlten. Doch so richtig gelungen ist uns das nicht, da wir auch die Halbmarathonmarke bei 2:12 Stunden passierten.<\/p>\n<p>Mir war zu diesem Zeitpunkt schon klar, dass ich auf Grund meiner guten Ausdauerwerte beide Ziele, die ich mir vorgenommen hatte, heute erreichen konnte und beschloss, ohne das Uwe mitzuteilen, das Tempo langsam anzuziehen. Bei Kilometer 30 waren wir schon bei 6:05 Minuten  pro Kilometer angekommen und es ging uns beiden ausgezeichnet auch wenn Uwe ab und zu einen sorgenvollen Blick auf seine Uhr warf. Bis dahin wurden wir von den vielen Staffell\u00e4ufern, die ja etwas k\u00fcrzere Distanzen liefen \u00fcberholt, aber ab Kilometer 35 \u00e4nderte sich das. Wir wurden noch schneller, waren jetzt schon bei 5:50 Min\/Km angekommen und befanden uns auf der \u00dcberholspur. Kaum noch Staffell\u00e4ufer zogen an uns vorbei aber wir sammelten nach und nach einen Marathonie nach dem anderen ein, die ihr Tempo nicht mehr halten konnten.<\/p>\n<p>Bei Kilometer vierzig zeigte die Uhr 5:40 f\u00fcr den Kilometer an, ich musste Uwe doch noch ziehen lassen, aber hatte mir zwischenzeitlich noch ein drittes Ziel vorgenommen: schneller als bei meinem ersten Marathon 1992 in Bonn (4:22 Std.) zu sein und als ich auf die Zielgrade am Rheinufer einbog, stand fest , auch dieses Ziel war mit 4:18:30 Stunden klar erreicht.<\/p>\n<p>Fazit dieses interessanten Marathons, den ich jedem nur empfehlen kann: Alles richtig gemacht und sollte Uwe, der noch 20 Sekunden schneller war als ich, wirklich in seinem dritten Marathon pers\u00f6nliche Bestzeit gelaufen sein: Herzlichen Gl\u00fcckwunsch!<\/p>\n<div class=\"shariff shariff-align-left shariff-widget-align-left\" data-services=\"facebook\" data-url=\"https:\/\/www.the-peters.de\/?p=367\" data-timestamp=\"1289811655\" data-backendurl=\"?rest_route=\/shariff\/v1\/share_counts&\"><ul class=\"shariff-buttons theme-round orientation-horizontal buttonsize-medium\"><li class=\"shariff-button facebook shariff-nocustomcolor\" style=\"background-color:#4273c8\"><a href=\"https:\/\/www.facebook.com\/sharer\/sharer.php?u=https%3A%2F%2Fwww.the-peters.de%2F%3Fp%3D367\" title=\"Bei Facebook teilen\" aria-label=\"Bei Facebook teilen\" role=\"button\" rel=\"nofollow\" class=\"shariff-link\" style=\"; background-color:#3b5998; color:#fff\" target=\"_blank\"><span class=\"shariff-icon\" style=\"\"><svg width=\"32px\" height=\"20px\" xmlns=\"http:\/\/www.w3.org\/2000\/svg\" viewBox=\"0 0 18 32\"><path fill=\"#3b5998\" d=\"M17.1 0.2v4.7h-2.8q-1.5 0-2.1 0.6t-0.5 1.9v3.4h5.2l-0.7 5.3h-4.5v13.6h-5.5v-13.6h-4.5v-5.3h4.5v-3.9q0-3.3 1.9-5.2t5-1.8q2.6 0 4.1 0.2z\"\/><\/svg><\/span><\/a><\/li><li class=\"shariff-button whatsapp shariff-nocustomcolor\" style=\"background-color:#5cbe4a\"><a href=\"https:\/\/api.whatsapp.com\/send?text=https%3A%2F%2Fwww.the-peters.de%2F%3Fp%3D367%20D%C3%BCsseldorf%20Marathon\" title=\"Bei Whatsapp teilen\" aria-label=\"Bei Whatsapp teilen\" role=\"button\" rel=\"noopener nofollow\" class=\"shariff-link\" style=\"; background-color:#34af23; color:#fff\" target=\"_blank\"><span class=\"shariff-icon\" style=\"\"><svg width=\"32px\" height=\"20px\" xmlns=\"http:\/\/www.w3.org\/2000\/svg\" viewBox=\"0 0 32 32\"><path fill=\"#34af23\" d=\"M17.6 17.4q0.2 0 1.7 0.8t1.6 0.9q0 0.1 0 0.3 0 0.6-0.3 1.4-0.3 0.7-1.3 1.2t-1.8 0.5q-1 0-3.4-1.1-1.7-0.8-3-2.1t-2.6-3.3q-1.3-1.9-1.3-3.5v-0.1q0.1-1.6 1.3-2.8 0.4-0.4 0.9-0.4 0.1 0 0.3 0t0.3 0q0.3 0 0.5 0.1t0.3 0.5q0.1 0.4 0.6 1.6t0.4 1.3q0 0.4-0.6 1t-0.6 0.8q0 0.1 0.1 0.3 0.6 1.3 1.8 2.4 1 0.9 2.7 1.8 0.2 0.1 0.4 0.1 0.3 0 1-0.9t0.9-0.9zM14 26.9q2.3 0 4.3-0.9t3.6-2.4 2.4-3.6 0.9-4.3-0.9-4.3-2.4-3.6-3.6-2.4-4.3-0.9-4.3 0.9-3.6 2.4-2.4 3.6-0.9 4.3q0 3.6 2.1 6.6l-1.4 4.2 4.3-1.4q2.8 1.9 6.2 1.9zM14 2.2q2.7 0 5.2 1.1t4.3 2.9 2.9 4.3 1.1 5.2-1.1 5.2-2.9 4.3-4.3 2.9-5.2 1.1q-3.5 0-6.5-1.7l-7.4 2.4 2.4-7.2q-1.9-3.2-1.9-6.9 0-2.7 1.1-5.2t2.9-4.3 4.3-2.9 5.2-1.1z\"\/><\/svg><\/span><\/a><\/li><li class=\"shariff-button mailto shariff-nocustomcolor\" style=\"background-color:#a8a8a8\"><a href=\"mailto:?body=https%3A%2F%2Fwww.the-peters.de%2F%3Fp%3D367&subject=D%C3%BCsseldorf%20Marathon\" title=\"Per E-Mail versenden\" aria-label=\"Per E-Mail versenden\" role=\"button\" rel=\"noopener nofollow\" class=\"shariff-link\" style=\"; background-color:#999; color:#fff\"><span class=\"shariff-icon\" style=\"\"><svg width=\"32px\" height=\"20px\" xmlns=\"http:\/\/www.w3.org\/2000\/svg\" viewBox=\"0 0 32 32\"><path fill=\"#999\" d=\"M32 12.7v14.2q0 1.2-0.8 2t-2 0.9h-26.3q-1.2 0-2-0.9t-0.8-2v-14.2q0.8 0.9 1.8 1.6 6.5 4.4 8.9 6.1 1 0.8 1.6 1.2t1.7 0.9 2 0.4h0.1q0.9 0 2-0.4t1.7-0.9 1.6-1.2q3-2.2 8.9-6.1 1-0.7 1.8-1.6zM32 7.4q0 1.4-0.9 2.7t-2.2 2.2q-6.7 4.7-8.4 5.8-0.2 0.1-0.7 0.5t-1 0.7-0.9 0.6-1.1 0.5-0.9 0.2h-0.1q-0.4 0-0.9-0.2t-1.1-0.5-0.9-0.6-1-0.7-0.7-0.5q-1.6-1.1-4.7-3.2t-3.6-2.6q-1.1-0.7-2.1-2t-1-2.5q0-1.4 0.7-2.3t2.1-0.9h26.3q1.2 0 2 0.8t0.9 2z\"\/><\/svg><\/span><\/a><\/li><li class=\"shariff-button info shariff-nocustomcolor\" style=\"background-color:#eee\"><a href=\"http:\/\/ct.de\/-2467514\" title=\"Weitere Informationen\" aria-label=\"Weitere Informationen\" role=\"button\" rel=\"noopener \" class=\"shariff-link\" style=\"; background-color:#fff; color:#fff\" target=\"_blank\"><span class=\"shariff-icon\" style=\"\"><svg width=\"32px\" height=\"20px\" xmlns=\"http:\/\/www.w3.org\/2000\/svg\" viewBox=\"0 0 11 32\"><path fill=\"#999\" d=\"M11.4 24v2.3q0 0.5-0.3 0.8t-0.8 0.4h-9.1q-0.5 0-0.8-0.4t-0.4-0.8v-2.3q0-0.5 0.4-0.8t0.8-0.4h1.1v-6.8h-1.1q-0.5 0-0.8-0.4t-0.4-0.8v-2.3q0-0.5 0.4-0.8t0.8-0.4h6.8q0.5 0 0.8 0.4t0.4 0.8v10.3h1.1q0.5 0 0.8 0.4t0.3 0.8zM9.2 3.4v3.4q0 0.5-0.4 0.8t-0.8 0.4h-4.6q-0.4 0-0.8-0.4t-0.4-0.8v-3.4q0-0.4 0.4-0.8t0.8-0.4h4.6q0.5 0 0.8 0.4t0.4 0.8z\"\/><\/svg><\/span><\/a><\/li><\/ul><\/div>","protected":false},"excerpt":{"rendered":"<p>Als geb\u00fcrtigem Neurather hat es mich als Jugendlicher immer schon Richtung D\u00fcsseldorf getrieben und auch meine Berufsausbildung und meinen Einstieg in die Berufswelt habe ich in unserer Landeshauptstadt erlebt. So &#8230;<\/p>\n","protected":false},"author":3,"featured_media":0,"comment_status":"open","ping_status":"open","sticky":false,"template":"","format":"standard","meta":{"footnotes":""},"categories":[6],"tags":[26,7,65,19,20],"class_list":["post-367","post","type-post","status-publish","format-standard","hentry","category-laufen","tag-dusseldorf-marathon","tag-marathon","tag-streak","tag-taglich-laufen","tag-werner-peters"],"_links":{"self":[{"href":"https:\/\/www.the-peters.de\/index.php?rest_route=\/wp\/v2\/posts\/367","targetHints":{"allow":["GET"]}}],"collection":[{"href":"https:\/\/www.the-peters.de\/index.php?rest_route=\/wp\/v2\/posts"}],"about":[{"href":"https:\/\/www.the-peters.de\/index.php?rest_route=\/wp\/v2\/types\/post"}],"author":[{"embeddable":true,"href":"https:\/\/www.the-peters.de\/index.php?rest_route=\/wp\/v2\/users\/3"}],"replies":[{"embeddable":true,"href":"https:\/\/www.the-peters.de\/index.php?rest_route=%2Fwp%2Fv2%2Fcomments&post=367"}],"version-history":[{"count":0,"href":"https:\/\/www.the-peters.de\/index.php?rest_route=\/wp\/v2\/posts\/367\/revisions"}],"wp:attachment":[{"href":"https:\/\/www.the-peters.de\/index.php?rest_route=%2Fwp%2Fv2%2Fmedia&parent=367"}],"wp:term":[{"taxonomy":"category","embeddable":true,"href":"https:\/\/www.the-peters.de\/index.php?rest_route=%2Fwp%2Fv2%2Fcategories&post=367"},{"taxonomy":"post_tag","embeddable":true,"href":"https:\/\/www.the-peters.de\/index.php?rest_route=%2Fwp%2Fv2%2Ftags&post=367"}],"curies":[{"name":"wp","href":"https:\/\/api.w.org\/{rel}","templated":true}]}}