{"id":3272,"date":"2022-05-08T18:48:14","date_gmt":"2022-05-08T16:48:14","guid":{"rendered":"https:\/\/www.the-peters.de\/?p=3272"},"modified":"2023-11-05T23:22:40","modified_gmt":"2023-11-05T22:22:40","slug":"verdammt-lang-her","status":"publish","type":"post","link":"https:\/\/www.the-peters.de\/?p=3272","title":{"rendered":"Verdammt lang her"},"content":{"rendered":"\n<p class=\"wp-block-paragraph\"><\/p>\n\n\n<p>Im Sommer 1968 startete an der Berufsschule Grevenbroich, dem heutigen Berufsbildungszentrum Grevenbroich der neue zweij\u00e4hrige Bildungsgang&nbsp; <strong>&#8222;H\u00f6here Handelsschule&#8220; <\/strong>mit der Bezeichnung HH80.&nbsp; Ein bunt zusammengew\u00fcrfelter Haufen von siebenundzwanzig jungen Frauen und M\u00e4nnern mit mittlerem Abschluss aus verschiedenen Schulsystemen st\u00fcrzte sich hoffnungs- und erwartungsvoll in dieses neue Abenteuer. Dank diverser teambildender Ma\u00dfnahmen in Form von Klassenfahrten innerhalb der beiden folgenden Jahre entstand eine mehr oder weniger verschworene Gemeinschaft. Trotzdem verlor man sich nach dem erfolgreichen Abschluss im Jahr 1970 bis auf wenige Ausnahmen doch aus den Augen.<\/p>\n<p>Es sollten fast neunundvierzig Jahre vergehen, bis ich \u00fcber einen Social-Media-Kanal eine Anfrage meiner damaligen Mitsch\u00fclerin Adelheid erhielt, ob ich der Werner sei, der im Jahre 1970 erfolgreich die HH80 absolviert hat. Und es ist kaum zu glauben, aber Adelheid gelang es in Zusammenarbeit mit einigen anderen Mitsch\u00fcler*innen in kurzer Zeit alle Mitglieder dieses Abschlussjahrganges ausfindig zu machen. Im Oktober 2020 sollte dann in Grevenbroich das gro\u00dfe Jubil\u00e4umsklassentreffen stattfinden.&nbsp;<\/p>\n<p>Leider gab es dann aber einen komischen aus China eingeschleppten Virus namens Corona, der das gesellschaftliche Leben auf der ganzen Welt lahmlegte und dieses Treffen, auf das sich so Viele gefreut hatten, ausfallen lie\u00df. Erst Anfang Mai 2022 lie\u00df dieser unbeugsame Virus es dann zu, dass dieses Jubil\u00e4um mit etwas Versp\u00e4tung am 7. Mai 2022 in Grevenbroich im Haus Porz nachgeholt werden konnte.<\/p>\n<p>Es wurde ein sehr emotionaler Tag, bei dem jeder der Anwesenden einen R\u00fcckblick auf seinen privaten und beruflichen Werdegang der letzten f\u00fcnfzig Jahre vortrug. Irgendwie hatten Alle das Gef\u00fchl, als w\u00e4ren es nie und nimmer f\u00fcnfzig Jahre gewesen, die man sich nicht begegnet ist.<\/p>\n<p>Auch ich habe den gestrigen Abend und auch noch den heutigen Tag gebraucht, um all diese Gef\u00fchle und gewonnenen Eindr\u00fccke zu sortieren und zu verarbeiten.<\/p>\n<p>Alle sind sich einig, dass bis zum n\u00e4chsten Treffen keine f\u00fcnfzig Jahre mehr vergehen d\u00fcrfen&#8230;..<\/p>\n\n<div class=\"shariff shariff-align-left shariff-widget-align-left\" data-services=\"facebook\" data-url=\"https:\/\/www.the-peters.de\/?p=3272\" data-timestamp=\"1699226560\" data-backendurl=\"?rest_route=\/shariff\/v1\/share_counts&\"><ul class=\"shariff-buttons theme-round orientation-horizontal buttonsize-medium\"><li class=\"shariff-button facebook shariff-nocustomcolor\" style=\"background-color:#4273c8\"><a href=\"https:\/\/www.facebook.com\/sharer\/sharer.php?u=https%3A%2F%2Fwww.the-peters.de%2F%3Fp%3D3272\" title=\"Bei Facebook teilen\" aria-label=\"Bei Facebook teilen\" role=\"button\" rel=\"nofollow\" class=\"shariff-link\" style=\"; background-color:#3b5998; color:#fff\" target=\"_blank\"><span class=\"shariff-icon\" style=\"\"><svg width=\"32px\" height=\"20px\" xmlns=\"http:\/\/www.w3.org\/2000\/svg\" viewBox=\"0 0 18 32\"><path fill=\"#3b5998\" d=\"M17.1 0.2v4.7h-2.8q-1.5 0-2.1 0.6t-0.5 1.9v3.4h5.2l-0.7 5.3h-4.5v13.6h-5.5v-13.6h-4.5v-5.3h4.5v-3.9q0-3.3 1.9-5.2t5-1.8q2.6 0 4.1 0.2z\"\/><\/svg><\/span><\/a><\/li><li class=\"shariff-button whatsapp shariff-nocustomcolor\" style=\"background-color:#5cbe4a\"><a href=\"https:\/\/api.whatsapp.com\/send?text=https%3A%2F%2Fwww.the-peters.de%2F%3Fp%3D3272%20Verdammt%20lang%20her\" title=\"Bei Whatsapp teilen\" aria-label=\"Bei Whatsapp teilen\" role=\"button\" rel=\"noopener nofollow\" class=\"shariff-link\" style=\"; background-color:#34af23; color:#fff\" target=\"_blank\"><span class=\"shariff-icon\" style=\"\"><svg width=\"32px\" height=\"20px\" xmlns=\"http:\/\/www.w3.org\/2000\/svg\" viewBox=\"0 0 32 32\"><path fill=\"#34af23\" d=\"M17.6 17.4q0.2 0 1.7 0.8t1.6 0.9q0 0.1 0 0.3 0 0.6-0.3 1.4-0.3 0.7-1.3 1.2t-1.8 0.5q-1 0-3.4-1.1-1.7-0.8-3-2.1t-2.6-3.3q-1.3-1.9-1.3-3.5v-0.1q0.1-1.6 1.3-2.8 0.4-0.4 0.9-0.4 0.1 0 0.3 0t0.3 0q0.3 0 0.5 0.1t0.3 0.5q0.1 0.4 0.6 1.6t0.4 1.3q0 0.4-0.6 1t-0.6 0.8q0 0.1 0.1 0.3 0.6 1.3 1.8 2.4 1 0.9 2.7 1.8 0.2 0.1 0.4 0.1 0.3 0 1-0.9t0.9-0.9zM14 26.9q2.3 0 4.3-0.9t3.6-2.4 2.4-3.6 0.9-4.3-0.9-4.3-2.4-3.6-3.6-2.4-4.3-0.9-4.3 0.9-3.6 2.4-2.4 3.6-0.9 4.3q0 3.6 2.1 6.6l-1.4 4.2 4.3-1.4q2.8 1.9 6.2 1.9zM14 2.2q2.7 0 5.2 1.1t4.3 2.9 2.9 4.3 1.1 5.2-1.1 5.2-2.9 4.3-4.3 2.9-5.2 1.1q-3.5 0-6.5-1.7l-7.4 2.4 2.4-7.2q-1.9-3.2-1.9-6.9 0-2.7 1.1-5.2t2.9-4.3 4.3-2.9 5.2-1.1z\"\/><\/svg><\/span><\/a><\/li><li class=\"shariff-button mailto shariff-nocustomcolor\" style=\"background-color:#a8a8a8\"><a href=\"mailto:?body=https%3A%2F%2Fwww.the-peters.de%2F%3Fp%3D3272&subject=Verdammt%20lang%20her\" title=\"Per E-Mail versenden\" aria-label=\"Per E-Mail versenden\" role=\"button\" rel=\"noopener nofollow\" class=\"shariff-link\" style=\"; background-color:#999; color:#fff\"><span class=\"shariff-icon\" style=\"\"><svg width=\"32px\" height=\"20px\" xmlns=\"http:\/\/www.w3.org\/2000\/svg\" viewBox=\"0 0 32 32\"><path fill=\"#999\" d=\"M32 12.7v14.2q0 1.2-0.8 2t-2 0.9h-26.3q-1.2 0-2-0.9t-0.8-2v-14.2q0.8 0.9 1.8 1.6 6.5 4.4 8.9 6.1 1 0.8 1.6 1.2t1.7 0.9 2 0.4h0.1q0.9 0 2-0.4t1.7-0.9 1.6-1.2q3-2.2 8.9-6.1 1-0.7 1.8-1.6zM32 7.4q0 1.4-0.9 2.7t-2.2 2.2q-6.7 4.7-8.4 5.8-0.2 0.1-0.7 0.5t-1 0.7-0.9 0.6-1.1 0.5-0.9 0.2h-0.1q-0.4 0-0.9-0.2t-1.1-0.5-0.9-0.6-1-0.7-0.7-0.5q-1.6-1.1-4.7-3.2t-3.6-2.6q-1.1-0.7-2.1-2t-1-2.5q0-1.4 0.7-2.3t2.1-0.9h26.3q1.2 0 2 0.8t0.9 2z\"\/><\/svg><\/span><\/a><\/li><li class=\"shariff-button info shariff-nocustomcolor\" style=\"background-color:#eee\"><a href=\"http:\/\/ct.de\/-2467514\" title=\"Weitere Informationen\" aria-label=\"Weitere Informationen\" role=\"button\" rel=\"noopener \" class=\"shariff-link\" style=\"; background-color:#fff; color:#fff\" target=\"_blank\"><span class=\"shariff-icon\" style=\"\"><svg width=\"32px\" height=\"20px\" xmlns=\"http:\/\/www.w3.org\/2000\/svg\" viewBox=\"0 0 11 32\"><path fill=\"#999\" d=\"M11.4 24v2.3q0 0.5-0.3 0.8t-0.8 0.4h-9.1q-0.5 0-0.8-0.4t-0.4-0.8v-2.3q0-0.5 0.4-0.8t0.8-0.4h1.1v-6.8h-1.1q-0.5 0-0.8-0.4t-0.4-0.8v-2.3q0-0.5 0.4-0.8t0.8-0.4h6.8q0.5 0 0.8 0.4t0.4 0.8v10.3h1.1q0.5 0 0.8 0.4t0.3 0.8zM9.2 3.4v3.4q0 0.5-0.4 0.8t-0.8 0.4h-4.6q-0.4 0-0.8-0.4t-0.4-0.8v-3.4q0-0.4 0.4-0.8t0.8-0.4h4.6q0.5 0 0.8 0.4t0.4 0.8z\"\/><\/svg><\/span><\/a><\/li><\/ul><\/div>","protected":false},"excerpt":{"rendered":"<p>Im Sommer 1968 startete an der Berufsschule Grevenbroich, dem heutigen Berufsbildungszentrum Grevenbroich der neue zweij\u00e4hrige Bildungsgang&nbsp; &#8222;H\u00f6here Handelsschule&#8220; mit der Bezeichnung HH80.&nbsp; Ein bunt zusammengew\u00fcrfelter Haufen von siebenundzwanzig jungen Frauen &#8230;<\/p>\n","protected":false},"author":3,"featured_media":3273,"comment_status":"open","ping_status":"open","sticky":false,"template":"","format":"standard","meta":{"footnotes":""},"categories":[152],"tags":[97,98,96,93,94],"class_list":["post-3272","post","type-post","status-publish","format-standard","has-post-thumbnail","hentry","category-hh80","tag-97","tag-98","tag-grevenbroich","tag-hh80","tag-hoehere-handelsschule"],"_links":{"self":[{"href":"https:\/\/www.the-peters.de\/index.php?rest_route=\/wp\/v2\/posts\/3272","targetHints":{"allow":["GET"]}}],"collection":[{"href":"https:\/\/www.the-peters.de\/index.php?rest_route=\/wp\/v2\/posts"}],"about":[{"href":"https:\/\/www.the-peters.de\/index.php?rest_route=\/wp\/v2\/types\/post"}],"author":[{"embeddable":true,"href":"https:\/\/www.the-peters.de\/index.php?rest_route=\/wp\/v2\/users\/3"}],"replies":[{"embeddable":true,"href":"https:\/\/www.the-peters.de\/index.php?rest_route=%2Fwp%2Fv2%2Fcomments&post=3272"}],"version-history":[{"count":0,"href":"https:\/\/www.the-peters.de\/index.php?rest_route=\/wp\/v2\/posts\/3272\/revisions"}],"wp:featuredmedia":[{"embeddable":true,"href":"https:\/\/www.the-peters.de\/index.php?rest_route=\/wp\/v2\/media\/3273"}],"wp:attachment":[{"href":"https:\/\/www.the-peters.de\/index.php?rest_route=%2Fwp%2Fv2%2Fmedia&parent=3272"}],"wp:term":[{"taxonomy":"category","embeddable":true,"href":"https:\/\/www.the-peters.de\/index.php?rest_route=%2Fwp%2Fv2%2Fcategories&post=3272"},{"taxonomy":"post_tag","embeddable":true,"href":"https:\/\/www.the-peters.de\/index.php?rest_route=%2Fwp%2Fv2%2Ftags&post=3272"}],"curies":[{"name":"wp","href":"https:\/\/api.w.org\/{rel}","templated":true}]}}