{"id":1389,"date":"2013-06-23T11:13:22","date_gmt":"2013-06-23T09:13:22","guid":{"rendered":"https:\/\/www.the-peters.de\/?p=1389"},"modified":"2015-10-24T15:00:52","modified_gmt":"2015-10-24T13:00:52","slug":"dritte-streak-vorbei","status":"publish","type":"post","link":"https:\/\/www.the-peters.de\/?p=1389","title":{"rendered":"Dritte Streak vorbei"},"content":{"rendered":"<p><a href=\"https:\/\/www.the-peters.de\/wp-content\/uploads\/2013\/06\/jakob_1.jpg\"><img loading=\"lazy\" decoding=\"async\" class=\"alignleft wp-image-1390\" src=\"https:\/\/www.the-peters.de\/wp-content\/uploads\/2013\/06\/jakob_1.jpg\" alt=\"jakob_1\" width=\"294\" height=\"222\" srcset=\"https:\/\/www.the-peters.de\/wp-content\/uploads\/2013\/06\/jakob_1.jpg 1024w, https:\/\/www.the-peters.de\/wp-content\/uploads\/2013\/06\/jakob_1-400x300.jpg 400w, https:\/\/www.the-peters.de\/wp-content\/uploads\/2013\/06\/jakob_1-768x576.jpg 768w, https:\/\/www.the-peters.de\/wp-content\/uploads\/2013\/06\/jakob_1-300x225.jpg 300w, https:\/\/www.the-peters.de\/wp-content\/uploads\/2013\/06\/jakob_1-480x360.jpg 480w, https:\/\/www.the-peters.de\/wp-content\/uploads\/2013\/06\/jakob_1-640x480.jpg 640w, https:\/\/www.the-peters.de\/wp-content\/uploads\/2013\/06\/jakob_1-93x70.jpg 93w\" sizes=\"auto, (max-width: 294px) 100vw, 294px\" \/><\/a>Als Resi und ich am 17. Mai 2013 nach St. Jean Pied de Port gefahren sind, um am n\u00e4chsten Tag den Jakobsweg &#8211; den Camino Frances &#8211; nach Sanitago de Compostela \u00fcber 800 Kilometer in Angriff zu nehmen, war ich noch voller Hoffnung meine dritte Streak \u00fcber die gesamten f\u00fcnf Wochen, die wir unterwegs waren, fortf\u00fchren zu k\u00f6nnen. Aber wie so oft kommt es im Leben ganz anders als man denkt.<\/p>\n<p>Bereits bei unserer Ankunft in den Pyren\u00e4en erwarteten uns Temperaturen um die f\u00fcnf Grad und eiskalter Regen und da ich aus Gewichtsgr\u00fcnden lediglich eine kurze Tight und ein kurz\u00e4rmeliges Laufshirt in den Rucksack gepackt hatte, entschloss ich mich bereits bei unserer Ankunft die dritte Streak schon am Tag vor Beginn unserer Wanderung zu beenden. Im Endeffekt die einzig richtige Entscheidung, denn bereits einen Tag sp\u00e4ter bei der Ankunft in Roncesvalles w\u00e4re die Streak bei Schnee und Temperaturen um den Gefrierpunkt beendet gewesen. <a title=\"streak\" href=\"https:\/\/www.the-peters.de\/?page_id=74\">Hier<\/a> gibt es alle Daten zu meinen bisherigen drei Streaks.<\/p>\n<div class=\"shariff shariff-align-left shariff-widget-align-left\" data-services=\"facebook\" data-url=\"https:\/\/www.the-peters.de\/?p=1389\" data-timestamp=\"1445698852\" data-backendurl=\"?rest_route=\/shariff\/v1\/share_counts&\"><ul class=\"shariff-buttons theme-round orientation-horizontal buttonsize-medium\"><li class=\"shariff-button facebook shariff-nocustomcolor\" style=\"background-color:#4273c8\"><a href=\"https:\/\/www.facebook.com\/sharer\/sharer.php?u=https%3A%2F%2Fwww.the-peters.de%2F%3Fp%3D1389\" title=\"Bei Facebook teilen\" aria-label=\"Bei Facebook teilen\" role=\"button\" rel=\"nofollow\" class=\"shariff-link\" style=\"; background-color:#3b5998; color:#fff\" target=\"_blank\"><span class=\"shariff-icon\" style=\"\"><svg width=\"32px\" height=\"20px\" xmlns=\"http:\/\/www.w3.org\/2000\/svg\" viewBox=\"0 0 18 32\"><path fill=\"#3b5998\" d=\"M17.1 0.2v4.7h-2.8q-1.5 0-2.1 0.6t-0.5 1.9v3.4h5.2l-0.7 5.3h-4.5v13.6h-5.5v-13.6h-4.5v-5.3h4.5v-3.9q0-3.3 1.9-5.2t5-1.8q2.6 0 4.1 0.2z\"\/><\/svg><\/span><\/a><\/li><li class=\"shariff-button whatsapp shariff-nocustomcolor\" style=\"background-color:#5cbe4a\"><a href=\"https:\/\/api.whatsapp.com\/send?text=https%3A%2F%2Fwww.the-peters.de%2F%3Fp%3D1389%20Dritte%20Streak%20vorbei\" title=\"Bei Whatsapp teilen\" aria-label=\"Bei Whatsapp teilen\" role=\"button\" rel=\"noopener nofollow\" class=\"shariff-link\" style=\"; background-color:#34af23; color:#fff\" target=\"_blank\"><span class=\"shariff-icon\" style=\"\"><svg width=\"32px\" height=\"20px\" xmlns=\"http:\/\/www.w3.org\/2000\/svg\" viewBox=\"0 0 32 32\"><path fill=\"#34af23\" d=\"M17.6 17.4q0.2 0 1.7 0.8t1.6 0.9q0 0.1 0 0.3 0 0.6-0.3 1.4-0.3 0.7-1.3 1.2t-1.8 0.5q-1 0-3.4-1.1-1.7-0.8-3-2.1t-2.6-3.3q-1.3-1.9-1.3-3.5v-0.1q0.1-1.6 1.3-2.8 0.4-0.4 0.9-0.4 0.1 0 0.3 0t0.3 0q0.3 0 0.5 0.1t0.3 0.5q0.1 0.4 0.6 1.6t0.4 1.3q0 0.4-0.6 1t-0.6 0.8q0 0.1 0.1 0.3 0.6 1.3 1.8 2.4 1 0.9 2.7 1.8 0.2 0.1 0.4 0.1 0.3 0 1-0.9t0.9-0.9zM14 26.9q2.3 0 4.3-0.9t3.6-2.4 2.4-3.6 0.9-4.3-0.9-4.3-2.4-3.6-3.6-2.4-4.3-0.9-4.3 0.9-3.6 2.4-2.4 3.6-0.9 4.3q0 3.6 2.1 6.6l-1.4 4.2 4.3-1.4q2.8 1.9 6.2 1.9zM14 2.2q2.7 0 5.2 1.1t4.3 2.9 2.9 4.3 1.1 5.2-1.1 5.2-2.9 4.3-4.3 2.9-5.2 1.1q-3.5 0-6.5-1.7l-7.4 2.4 2.4-7.2q-1.9-3.2-1.9-6.9 0-2.7 1.1-5.2t2.9-4.3 4.3-2.9 5.2-1.1z\"\/><\/svg><\/span><\/a><\/li><li class=\"shariff-button mailto shariff-nocustomcolor\" style=\"background-color:#a8a8a8\"><a href=\"mailto:?body=https%3A%2F%2Fwww.the-peters.de%2F%3Fp%3D1389&subject=Dritte%20Streak%20vorbei\" title=\"Per E-Mail versenden\" aria-label=\"Per E-Mail versenden\" role=\"button\" rel=\"noopener nofollow\" class=\"shariff-link\" style=\"; background-color:#999; color:#fff\"><span class=\"shariff-icon\" style=\"\"><svg width=\"32px\" height=\"20px\" xmlns=\"http:\/\/www.w3.org\/2000\/svg\" viewBox=\"0 0 32 32\"><path fill=\"#999\" d=\"M32 12.7v14.2q0 1.2-0.8 2t-2 0.9h-26.3q-1.2 0-2-0.9t-0.8-2v-14.2q0.8 0.9 1.8 1.6 6.5 4.4 8.9 6.1 1 0.8 1.6 1.2t1.7 0.9 2 0.4h0.1q0.9 0 2-0.4t1.7-0.9 1.6-1.2q3-2.2 8.9-6.1 1-0.7 1.8-1.6zM32 7.4q0 1.4-0.9 2.7t-2.2 2.2q-6.7 4.7-8.4 5.8-0.2 0.1-0.7 0.5t-1 0.7-0.9 0.6-1.1 0.5-0.9 0.2h-0.1q-0.4 0-0.9-0.2t-1.1-0.5-0.9-0.6-1-0.7-0.7-0.5q-1.6-1.1-4.7-3.2t-3.6-2.6q-1.1-0.7-2.1-2t-1-2.5q0-1.4 0.7-2.3t2.1-0.9h26.3q1.2 0 2 0.8t0.9 2z\"\/><\/svg><\/span><\/a><\/li><li class=\"shariff-button info shariff-nocustomcolor\" style=\"background-color:#eee\"><a href=\"http:\/\/ct.de\/-2467514\" title=\"Weitere Informationen\" aria-label=\"Weitere Informationen\" role=\"button\" rel=\"noopener \" class=\"shariff-link\" style=\"; background-color:#fff; color:#fff\" target=\"_blank\"><span class=\"shariff-icon\" style=\"\"><svg width=\"32px\" height=\"20px\" xmlns=\"http:\/\/www.w3.org\/2000\/svg\" viewBox=\"0 0 11 32\"><path fill=\"#999\" d=\"M11.4 24v2.3q0 0.5-0.3 0.8t-0.8 0.4h-9.1q-0.5 0-0.8-0.4t-0.4-0.8v-2.3q0-0.5 0.4-0.8t0.8-0.4h1.1v-6.8h-1.1q-0.5 0-0.8-0.4t-0.4-0.8v-2.3q0-0.5 0.4-0.8t0.8-0.4h6.8q0.5 0 0.8 0.4t0.4 0.8v10.3h1.1q0.5 0 0.8 0.4t0.3 0.8zM9.2 3.4v3.4q0 0.5-0.4 0.8t-0.8 0.4h-4.6q-0.4 0-0.8-0.4t-0.4-0.8v-3.4q0-0.4 0.4-0.8t0.8-0.4h4.6q0.5 0 0.8 0.4t0.4 0.8z\"\/><\/svg><\/span><\/a><\/li><\/ul><\/div>","protected":false},"excerpt":{"rendered":"<p>Als Resi und ich am 17. Mai 2013 nach St. Jean Pied de Port gefahren sind, um am n\u00e4chsten Tag den Jakobsweg &#8211; den Camino Frances &#8211; nach Sanitago de &#8230;<\/p>\n","protected":false},"author":3,"featured_media":0,"comment_status":"open","ping_status":"open","sticky":false,"template":"","format":"standard","meta":{"footnotes":""},"categories":[69,3],"tags":[63,62,64,65,18],"class_list":["post-1389","post","type-post","status-publish","format-standard","hentry","category-jakobsweg","category-streak","tag-camino-frances","tag-jakobsweg","tag-santiago","tag-streak","tag-streakrunner"],"_links":{"self":[{"href":"https:\/\/www.the-peters.de\/index.php?rest_route=\/wp\/v2\/posts\/1389","targetHints":{"allow":["GET"]}}],"collection":[{"href":"https:\/\/www.the-peters.de\/index.php?rest_route=\/wp\/v2\/posts"}],"about":[{"href":"https:\/\/www.the-peters.de\/index.php?rest_route=\/wp\/v2\/types\/post"}],"author":[{"embeddable":true,"href":"https:\/\/www.the-peters.de\/index.php?rest_route=\/wp\/v2\/users\/3"}],"replies":[{"embeddable":true,"href":"https:\/\/www.the-peters.de\/index.php?rest_route=%2Fwp%2Fv2%2Fcomments&post=1389"}],"version-history":[{"count":0,"href":"https:\/\/www.the-peters.de\/index.php?rest_route=\/wp\/v2\/posts\/1389\/revisions"}],"wp:attachment":[{"href":"https:\/\/www.the-peters.de\/index.php?rest_route=%2Fwp%2Fv2%2Fmedia&parent=1389"}],"wp:term":[{"taxonomy":"category","embeddable":true,"href":"https:\/\/www.the-peters.de\/index.php?rest_route=%2Fwp%2Fv2%2Fcategories&post=1389"},{"taxonomy":"post_tag","embeddable":true,"href":"https:\/\/www.the-peters.de\/index.php?rest_route=%2Fwp%2Fv2%2Ftags&post=1389"}],"curies":[{"name":"wp","href":"https:\/\/api.w.org\/{rel}","templated":true}]}}