{"id":1023,"date":"2011-12-08T18:02:18","date_gmt":"2011-12-08T17:02:18","guid":{"rendered":"https:\/\/www.the-peters.de\/?p=1023"},"modified":"2011-12-12T13:29:19","modified_gmt":"2011-12-12T12:29:19","slug":"ein-lauf-vier-laufveranstaltungen","status":"publish","type":"post","link":"https:\/\/www.the-peters.de\/?p=1023","title":{"rendered":"Ein Lauf &#8211; vier Laufveranstaltungen"},"content":{"rendered":"<p>Zur Zeit bietet die Turnvereinigung Bedburg mit ihrem <a title=\"running tvb\" href=\"http:\/\/www.runningtvb.de\/\" target=\"_blank\">Lauftreff<\/a> , f\u00fcr den Resi und ich seit \u00fcber zwanzig Jahren die Laufschuhe schn\u00fcren, vier Laufveranstaltungen an. Am Tag 74 meiner aktuellen Streak habe ich mir vorgenommen, alle Laufstrecken dieser Veranstaltungen w\u00e4hrend meines Laufes zu tangieren. Nach ca. zwei Kilomtern war ein Teilst\u00fcck des <a title=\"citylauf\" href=\"http:\/\/www.bedburger-citylauf.de\" target=\"_blank\">Bedburger Citylaufes<\/a>, der immer am zweiten Samstag im September stattfindet erreicht. Eigentlich sollte dieser Lauf anl\u00e4sslich des 75 &#8211; j\u00e4hrigen Jubil\u00e4ums der Turnvereinigung einmalig angeboten werden, hat sich aber mittlerweile im Laufkelender\u00a0 etabliert und ist Bestandteil des Rhein Erft AKADEMIE Cups, einer beliebten Laufserie im Rhein Erft Kreis<\/p>\n<table style=\"width: 100%;\" border=\"0\" cellspacing=\"10\" cellpadding=\"10\">\n<tbody>\n<tr>\n<td style=\"width: 50%;\" align=\"center\"><a href=\"https:\/\/www.the-peters.de\/wp-content\/uploads\/2011\/12\/111208_1.jpg\"><img loading=\"lazy\" decoding=\"async\" class=\"aligncenter size-full wp-image-1024\" title=\"111208_1\" src=\"https:\/\/www.the-peters.de\/wp-content\/uploads\/2011\/12\/111208_1.jpg\" alt=\"\" width=\"346\" height=\"259\" srcset=\"https:\/\/www.the-peters.de\/wp-content\/uploads\/2011\/12\/111208_1.jpg 800w, https:\/\/www.the-peters.de\/wp-content\/uploads\/2011\/12\/111208_1-400x300.jpg 400w, https:\/\/www.the-peters.de\/wp-content\/uploads\/2011\/12\/111208_1-768x576.jpg 768w, https:\/\/www.the-peters.de\/wp-content\/uploads\/2011\/12\/111208_1-300x225.jpg 300w, https:\/\/www.the-peters.de\/wp-content\/uploads\/2011\/12\/111208_1-480x360.jpg 480w, https:\/\/www.the-peters.de\/wp-content\/uploads\/2011\/12\/111208_1-640x480.jpg 640w\" sizes=\"auto, (max-width: 346px) 100vw, 346px\" \/><\/a><\/td>\n<td style=\"width: 50%;\" align=\"center\"><a href=\"https:\/\/www.the-peters.de\/wp-content\/uploads\/2011\/12\/111208_21.jpg\"><img loading=\"lazy\" decoding=\"async\" class=\"aligncenter size-full wp-image-1025\" title=\"111208_2\" src=\"https:\/\/www.the-peters.de\/wp-content\/uploads\/2011\/12\/111208_21.jpg\" alt=\"\" width=\"346\" height=\"259\" srcset=\"https:\/\/www.the-peters.de\/wp-content\/uploads\/2011\/12\/111208_21.jpg 800w, https:\/\/www.the-peters.de\/wp-content\/uploads\/2011\/12\/111208_21-400x300.jpg 400w, https:\/\/www.the-peters.de\/wp-content\/uploads\/2011\/12\/111208_21-768x576.jpg 768w, https:\/\/www.the-peters.de\/wp-content\/uploads\/2011\/12\/111208_21-300x225.jpg 300w, https:\/\/www.the-peters.de\/wp-content\/uploads\/2011\/12\/111208_21-480x360.jpg 480w, https:\/\/www.the-peters.de\/wp-content\/uploads\/2011\/12\/111208_21-640x480.jpg 640w\" sizes=\"auto, (max-width: 346px) 100vw, 346px\" \/><\/a><\/td>\n<\/tr>\n<tr>\n<td style=\"width: 50%;\" align=\"center\">Blick auf das Rathaus &#8211; Start und Ziel des Laufes<\/td>\n<td style=\"width: 50%;\" align=\"center\">\u00a0der Rundkurs durch die Bedburger Innenstadt<\/td>\n<\/tr>\n<\/tbody>\n<\/table>\n<p>Weiter geht es in Richtung Kaster zum Kasterer See, wo der traditionelle <a title=\"nikolazslauf\" href=\"http:\/\/www.bedburger-nikolauslauf.de\">Nikolauslauf<\/a> der Leichtathleten stattfindet. Immer am 2. Advent findet er auf einem Rundkurs rund um den Kasterer See statt und erlebte in diesem Jahr bereits seine 26. Auflage. Dieser Lauf ist ein reiner Funlauf und es wird bewusst auf eine Zeitnahme verzichtet.<\/p>\n<table style=\"width: 100%;\" border=\"0\" cellspacing=\"10\" cellpadding=\"10\">\n<tbody>\n<tr>\n<td style=\"width: 50%;\" align=\"center\"><a href=\"https:\/\/www.the-peters.de\/wp-content\/uploads\/2011\/12\/111208_31.jpg\"><img loading=\"lazy\" decoding=\"async\" class=\"aligncenter size-full wp-image-1026\" title=\"111208_3\" src=\"https:\/\/www.the-peters.de\/wp-content\/uploads\/2011\/12\/111208_31.jpg\" alt=\"\" width=\"346\" height=\"259\" srcset=\"https:\/\/www.the-peters.de\/wp-content\/uploads\/2011\/12\/111208_31.jpg 800w, https:\/\/www.the-peters.de\/wp-content\/uploads\/2011\/12\/111208_31-400x300.jpg 400w, https:\/\/www.the-peters.de\/wp-content\/uploads\/2011\/12\/111208_31-768x576.jpg 768w, https:\/\/www.the-peters.de\/wp-content\/uploads\/2011\/12\/111208_31-300x225.jpg 300w, https:\/\/www.the-peters.de\/wp-content\/uploads\/2011\/12\/111208_31-480x360.jpg 480w, https:\/\/www.the-peters.de\/wp-content\/uploads\/2011\/12\/111208_31-640x480.jpg 640w\" sizes=\"auto, (max-width: 346px) 100vw, 346px\" \/><\/a><\/td>\n<td style=\"width: 50%;\" align=\"center\"><a href=\"https:\/\/www.the-peters.de\/wp-content\/uploads\/2011\/12\/111208_41.jpg\"><img loading=\"lazy\" decoding=\"async\" class=\"aligncenter size-full wp-image-1027\" title=\"111208_4\" src=\"https:\/\/www.the-peters.de\/wp-content\/uploads\/2011\/12\/111208_41.jpg\" alt=\"\" width=\"346\" height=\"259\" srcset=\"https:\/\/www.the-peters.de\/wp-content\/uploads\/2011\/12\/111208_41.jpg 800w, https:\/\/www.the-peters.de\/wp-content\/uploads\/2011\/12\/111208_41-400x300.jpg 400w, https:\/\/www.the-peters.de\/wp-content\/uploads\/2011\/12\/111208_41-768x576.jpg 768w, https:\/\/www.the-peters.de\/wp-content\/uploads\/2011\/12\/111208_41-300x225.jpg 300w, https:\/\/www.the-peters.de\/wp-content\/uploads\/2011\/12\/111208_41-480x360.jpg 480w, https:\/\/www.the-peters.de\/wp-content\/uploads\/2011\/12\/111208_41-640x480.jpg 640w\" sizes=\"auto, (max-width: 346px) 100vw, 346px\" \/><\/a><\/td>\n<\/tr>\n<tr>\n<td style=\"width: 50%;\" align=\"center\">Start und Ziel hinteres Stadttor Alt Kaster<\/td>\n<td style=\"width: 50%;\" align=\"center\">immer um den Kasterer See herum<\/td>\n<\/tr>\n<\/tbody>\n<\/table>\n<p>Zum Start und Ziel der n\u00e4chsten Veranstaltung brauche ich nur den sch\u00f6nen Stadtteil Alt Kaster zu durchqueren und schon bin ich am Ausgangspunkt der n\u00e4chsten Veranstaltung angekommen. Der Bedburger Fr\u00fchjahrsklassiker ist eine interne Veranstaltung des Lauftreffs und f\u00fchrt \u00fcber 18,1 Kilometer zu 95 % durch rekultiviertes Gebiet, wurde bisher zwei Mal ausgetragen und ist auf dem besten Wege sich als feste Laufveranstaltung innerhalb des Running TV Bedburg zu etablieren.<\/p>\n<table style=\"width: 100%;\" border=\"0\" cellspacing=\"10\" cellpadding=\"10\">\n<tbody>\n<tr>\n<td style=\"width: 50%;\" align=\"center\"><a href=\"https:\/\/www.the-peters.de\/wp-content\/uploads\/2011\/12\/111208_51.jpg\"><img loading=\"lazy\" decoding=\"async\" class=\"aligncenter size-full wp-image-1028\" title=\"111208_5\" src=\"https:\/\/www.the-peters.de\/wp-content\/uploads\/2011\/12\/111208_51.jpg\" alt=\"\" width=\"346\" height=\"259\" srcset=\"https:\/\/www.the-peters.de\/wp-content\/uploads\/2011\/12\/111208_51.jpg 800w, https:\/\/www.the-peters.de\/wp-content\/uploads\/2011\/12\/111208_51-400x300.jpg 400w, https:\/\/www.the-peters.de\/wp-content\/uploads\/2011\/12\/111208_51-768x576.jpg 768w, https:\/\/www.the-peters.de\/wp-content\/uploads\/2011\/12\/111208_51-300x225.jpg 300w, https:\/\/www.the-peters.de\/wp-content\/uploads\/2011\/12\/111208_51-480x360.jpg 480w, https:\/\/www.the-peters.de\/wp-content\/uploads\/2011\/12\/111208_51-640x480.jpg 640w\" sizes=\"auto, (max-width: 346px) 100vw, 346px\" \/><\/a><\/td>\n<td style=\"width: 50%;\" align=\"center\"><a href=\"https:\/\/www.the-peters.de\/wp-content\/uploads\/2011\/12\/111208_61.jpg\"><img loading=\"lazy\" decoding=\"async\" class=\"aligncenter size-full wp-image-1029\" title=\"111208_6\" src=\"https:\/\/www.the-peters.de\/wp-content\/uploads\/2011\/12\/111208_61.jpg\" alt=\"\" width=\"346\" height=\"259\" srcset=\"https:\/\/www.the-peters.de\/wp-content\/uploads\/2011\/12\/111208_61.jpg 800w, https:\/\/www.the-peters.de\/wp-content\/uploads\/2011\/12\/111208_61-400x300.jpg 400w, https:\/\/www.the-peters.de\/wp-content\/uploads\/2011\/12\/111208_61-768x576.jpg 768w, https:\/\/www.the-peters.de\/wp-content\/uploads\/2011\/12\/111208_61-300x225.jpg 300w, https:\/\/www.the-peters.de\/wp-content\/uploads\/2011\/12\/111208_61-480x360.jpg 480w, https:\/\/www.the-peters.de\/wp-content\/uploads\/2011\/12\/111208_61-640x480.jpg 640w\" sizes=\"auto, (max-width: 346px) 100vw, 346px\" \/><\/a><\/td>\n<\/tr>\n<tr>\n<td style=\"width: 50%;\" align=\"center\">hier ist Start und Ziel des Bedburger Fr\u00fcjahrsklassikers<\/td>\n<td style=\"width: 50%;\" align=\"center\">der Weg hinauf zur Kasterer H\u00f6he<\/td>\n<\/tr>\n<\/tbody>\n<\/table>\n<p>Auf dem Weg hinauf zu Kasterer H\u00f6he erreiche ich auch schon die Strecke der vierten Laufverantaltung, den Bedburger <a title=\"silvesterlauf\" href=\"http:\/\/www.bedburger-silvesterlauf.de\" target=\"_blank\">Silvesterlauf<\/a>. Dieser Lauf ist nach dem Baukastensystem aufgebaut und jeder Teilnehmer kann auf der Kasterer H\u00f6he individuell entscheiden, wieviele Kilometer er am letzten Tage des Laufjahres, ebenfalls ohne Zeitmessung, zur\u00fccklegen m\u00f6chte. M\u00f6glich sind Strecken bis hin zum Halbmarathon und Start und Ziel befinden sich auf dem Obsthof unserer Lauffreundin Ulrike Bremer.<\/p>\n<table style=\"width: 100%;\" border=\"0\" cellspacing=\"10\" cellpadding=\"10\">\n<tbody>\n<tr>\n<td style=\"width: 50%;\" align=\"center\"><a href=\"https:\/\/www.the-peters.de\/wp-content\/uploads\/2011\/12\/111208_71.jpg\"><img loading=\"lazy\" decoding=\"async\" class=\"aligncenter size-full wp-image-1030\" title=\"111208_7\" src=\"https:\/\/www.the-peters.de\/wp-content\/uploads\/2011\/12\/111208_71.jpg\" alt=\"\" width=\"346\" height=\"259\" srcset=\"https:\/\/www.the-peters.de\/wp-content\/uploads\/2011\/12\/111208_71.jpg 800w, https:\/\/www.the-peters.de\/wp-content\/uploads\/2011\/12\/111208_71-400x300.jpg 400w, https:\/\/www.the-peters.de\/wp-content\/uploads\/2011\/12\/111208_71-768x576.jpg 768w, https:\/\/www.the-peters.de\/wp-content\/uploads\/2011\/12\/111208_71-300x225.jpg 300w, https:\/\/www.the-peters.de\/wp-content\/uploads\/2011\/12\/111208_71-480x360.jpg 480w, https:\/\/www.the-peters.de\/wp-content\/uploads\/2011\/12\/111208_71-640x480.jpg 640w\" sizes=\"auto, (max-width: 346px) 100vw, 346px\" \/><\/a><\/td>\n<td style=\"width: 50%;\" align=\"center\"><a href=\"https:\/\/www.the-peters.de\/wp-content\/uploads\/2011\/12\/111208_81.jpg\"><img loading=\"lazy\" decoding=\"async\" class=\"aligncenter size-full wp-image-1031\" title=\"111208_8\" src=\"https:\/\/www.the-peters.de\/wp-content\/uploads\/2011\/12\/111208_81.jpg\" alt=\"\" width=\"346\" height=\"259\" srcset=\"https:\/\/www.the-peters.de\/wp-content\/uploads\/2011\/12\/111208_81.jpg 800w, https:\/\/www.the-peters.de\/wp-content\/uploads\/2011\/12\/111208_81-400x300.jpg 400w, https:\/\/www.the-peters.de\/wp-content\/uploads\/2011\/12\/111208_81-768x576.jpg 768w, https:\/\/www.the-peters.de\/wp-content\/uploads\/2011\/12\/111208_81-300x225.jpg 300w, https:\/\/www.the-peters.de\/wp-content\/uploads\/2011\/12\/111208_81-480x360.jpg 480w, https:\/\/www.the-peters.de\/wp-content\/uploads\/2011\/12\/111208_81-640x480.jpg 640w\" sizes=\"auto, (max-width: 346px) 100vw, 346px\" \/><\/a><\/td>\n<\/tr>\n<tr>\n<td style=\"width: 50%;\" align=\"center\">Start und Ziel Obsthof Bremer<\/td>\n<td style=\"width: 50%;\" align=\"center\">\u00fcber die Kasterer H\u00f6he<\/td>\n<\/tr>\n<\/tbody>\n<\/table>\n<p>Nach 19,2 Kilometer war ich wieder zu Hause, Fazit eine sch\u00f6ne und interessante Rund, die ich nicht zum letzten Mal gelaufen bin<\/p>\n<p style=\"text-align: center;\"><a href=\"https:\/\/www.the-peters.de\/wp-content\/uploads\/2011\/12\/111208_091.jpg\"><img loading=\"lazy\" decoding=\"async\" class=\"aligncenter size-full wp-image-1032\" title=\"111208_09\" src=\"https:\/\/www.the-peters.de\/wp-content\/uploads\/2011\/12\/111208_091.jpg\" alt=\"\" width=\"480\" height=\"313\" srcset=\"https:\/\/www.the-peters.de\/wp-content\/uploads\/2011\/12\/111208_091.jpg 800w, https:\/\/www.the-peters.de\/wp-content\/uploads\/2011\/12\/111208_091-400x261.jpg 400w, https:\/\/www.the-peters.de\/wp-content\/uploads\/2011\/12\/111208_091-768x501.jpg 768w, https:\/\/www.the-peters.de\/wp-content\/uploads\/2011\/12\/111208_091-300x195.jpg 300w, https:\/\/www.the-peters.de\/wp-content\/uploads\/2011\/12\/111208_091-480x313.jpg 480w, https:\/\/www.the-peters.de\/wp-content\/uploads\/2011\/12\/111208_091-640x418.jpg 640w, https:\/\/www.the-peters.de\/wp-content\/uploads\/2011\/12\/111208_091-100x65.jpg 100w\" sizes=\"auto, (max-width: 480px) 100vw, 480px\" \/><\/a><\/p>\n<div class=\"shariff shariff-align-left shariff-widget-align-left\" data-services=\"facebook\" data-url=\"https:\/\/www.the-peters.de\/?p=1023\" data-timestamp=\"1323696559\" data-backendurl=\"?rest_route=\/shariff\/v1\/share_counts&\"><ul class=\"shariff-buttons theme-round orientation-horizontal buttonsize-medium\"><li class=\"shariff-button facebook shariff-nocustomcolor\" style=\"background-color:#4273c8\"><a href=\"https:\/\/www.facebook.com\/sharer\/sharer.php?u=https%3A%2F%2Fwww.the-peters.de%2F%3Fp%3D1023\" title=\"Bei Facebook teilen\" aria-label=\"Bei Facebook teilen\" role=\"button\" rel=\"nofollow\" class=\"shariff-link\" style=\"; background-color:#3b5998; color:#fff\" target=\"_blank\"><span class=\"shariff-icon\" style=\"\"><svg width=\"32px\" height=\"20px\" xmlns=\"http:\/\/www.w3.org\/2000\/svg\" viewBox=\"0 0 18 32\"><path fill=\"#3b5998\" d=\"M17.1 0.2v4.7h-2.8q-1.5 0-2.1 0.6t-0.5 1.9v3.4h5.2l-0.7 5.3h-4.5v13.6h-5.5v-13.6h-4.5v-5.3h4.5v-3.9q0-3.3 1.9-5.2t5-1.8q2.6 0 4.1 0.2z\"\/><\/svg><\/span><\/a><\/li><li class=\"shariff-button whatsapp shariff-nocustomcolor\" style=\"background-color:#5cbe4a\"><a href=\"https:\/\/api.whatsapp.com\/send?text=https%3A%2F%2Fwww.the-peters.de%2F%3Fp%3D1023%20Ein%20Lauf%20%E2%80%93%20vier%20Laufveranstaltungen\" title=\"Bei Whatsapp teilen\" aria-label=\"Bei Whatsapp teilen\" role=\"button\" rel=\"noopener nofollow\" class=\"shariff-link\" style=\"; background-color:#34af23; color:#fff\" target=\"_blank\"><span class=\"shariff-icon\" style=\"\"><svg width=\"32px\" height=\"20px\" xmlns=\"http:\/\/www.w3.org\/2000\/svg\" viewBox=\"0 0 32 32\"><path fill=\"#34af23\" d=\"M17.6 17.4q0.2 0 1.7 0.8t1.6 0.9q0 0.1 0 0.3 0 0.6-0.3 1.4-0.3 0.7-1.3 1.2t-1.8 0.5q-1 0-3.4-1.1-1.7-0.8-3-2.1t-2.6-3.3q-1.3-1.9-1.3-3.5v-0.1q0.1-1.6 1.3-2.8 0.4-0.4 0.9-0.4 0.1 0 0.3 0t0.3 0q0.3 0 0.5 0.1t0.3 0.5q0.1 0.4 0.6 1.6t0.4 1.3q0 0.4-0.6 1t-0.6 0.8q0 0.1 0.1 0.3 0.6 1.3 1.8 2.4 1 0.9 2.7 1.8 0.2 0.1 0.4 0.1 0.3 0 1-0.9t0.9-0.9zM14 26.9q2.3 0 4.3-0.9t3.6-2.4 2.4-3.6 0.9-4.3-0.9-4.3-2.4-3.6-3.6-2.4-4.3-0.9-4.3 0.9-3.6 2.4-2.4 3.6-0.9 4.3q0 3.6 2.1 6.6l-1.4 4.2 4.3-1.4q2.8 1.9 6.2 1.9zM14 2.2q2.7 0 5.2 1.1t4.3 2.9 2.9 4.3 1.1 5.2-1.1 5.2-2.9 4.3-4.3 2.9-5.2 1.1q-3.5 0-6.5-1.7l-7.4 2.4 2.4-7.2q-1.9-3.2-1.9-6.9 0-2.7 1.1-5.2t2.9-4.3 4.3-2.9 5.2-1.1z\"\/><\/svg><\/span><\/a><\/li><li class=\"shariff-button mailto shariff-nocustomcolor\" style=\"background-color:#a8a8a8\"><a href=\"mailto:?body=https%3A%2F%2Fwww.the-peters.de%2F%3Fp%3D1023&subject=Ein%20Lauf%20%E2%80%93%20vier%20Laufveranstaltungen\" title=\"Per E-Mail versenden\" aria-label=\"Per E-Mail versenden\" role=\"button\" rel=\"noopener nofollow\" class=\"shariff-link\" style=\"; background-color:#999; color:#fff\"><span class=\"shariff-icon\" style=\"\"><svg width=\"32px\" height=\"20px\" xmlns=\"http:\/\/www.w3.org\/2000\/svg\" viewBox=\"0 0 32 32\"><path fill=\"#999\" d=\"M32 12.7v14.2q0 1.2-0.8 2t-2 0.9h-26.3q-1.2 0-2-0.9t-0.8-2v-14.2q0.8 0.9 1.8 1.6 6.5 4.4 8.9 6.1 1 0.8 1.6 1.2t1.7 0.9 2 0.4h0.1q0.9 0 2-0.4t1.7-0.9 1.6-1.2q3-2.2 8.9-6.1 1-0.7 1.8-1.6zM32 7.4q0 1.4-0.9 2.7t-2.2 2.2q-6.7 4.7-8.4 5.8-0.2 0.1-0.7 0.5t-1 0.7-0.9 0.6-1.1 0.5-0.9 0.2h-0.1q-0.4 0-0.9-0.2t-1.1-0.5-0.9-0.6-1-0.7-0.7-0.5q-1.6-1.1-4.7-3.2t-3.6-2.6q-1.1-0.7-2.1-2t-1-2.5q0-1.4 0.7-2.3t2.1-0.9h26.3q1.2 0 2 0.8t0.9 2z\"\/><\/svg><\/span><\/a><\/li><li class=\"shariff-button info shariff-nocustomcolor\" style=\"background-color:#eee\"><a href=\"http:\/\/ct.de\/-2467514\" title=\"Weitere Informationen\" aria-label=\"Weitere Informationen\" role=\"button\" rel=\"noopener \" class=\"shariff-link\" style=\"; background-color:#fff; color:#fff\" target=\"_blank\"><span class=\"shariff-icon\" style=\"\"><svg width=\"32px\" height=\"20px\" xmlns=\"http:\/\/www.w3.org\/2000\/svg\" viewBox=\"0 0 11 32\"><path fill=\"#999\" d=\"M11.4 24v2.3q0 0.5-0.3 0.8t-0.8 0.4h-9.1q-0.5 0-0.8-0.4t-0.4-0.8v-2.3q0-0.5 0.4-0.8t0.8-0.4h1.1v-6.8h-1.1q-0.5 0-0.8-0.4t-0.4-0.8v-2.3q0-0.5 0.4-0.8t0.8-0.4h6.8q0.5 0 0.8 0.4t0.4 0.8v10.3h1.1q0.5 0 0.8 0.4t0.3 0.8zM9.2 3.4v3.4q0 0.5-0.4 0.8t-0.8 0.4h-4.6q-0.4 0-0.8-0.4t-0.4-0.8v-3.4q0-0.4 0.4-0.8t0.8-0.4h4.6q0.5 0 0.8 0.4t0.4 0.8z\"\/><\/svg><\/span><\/a><\/li><\/ul><\/div>","protected":false},"excerpt":{"rendered":"<p>Zur Zeit bietet die Turnvereinigung Bedburg mit ihrem Lauftreff , f\u00fcr den Resi und ich seit \u00fcber zwanzig Jahren die Laufschuhe schn\u00fcren, vier Laufveranstaltungen an. Am Tag 74 meiner aktuellen &#8230;<\/p>\n","protected":false},"author":3,"featured_media":0,"comment_status":"open","ping_status":"open","sticky":false,"template":"","format":"standard","meta":{"footnotes":""},"categories":[6],"tags":[29,11,34,35,18,19,16,20],"class_list":["post-1023","post","type-post","status-publish","format-standard","hentry","category-laufen","tag-resi-peters","tag-rhein-erft-akademie-cup","tag-running-tvb","tag-silvesterlauf","tag-streakrunner","tag-taglich-laufen","tag-the-peters-de","tag-werner-peters"],"_links":{"self":[{"href":"https:\/\/www.the-peters.de\/index.php?rest_route=\/wp\/v2\/posts\/1023","targetHints":{"allow":["GET"]}}],"collection":[{"href":"https:\/\/www.the-peters.de\/index.php?rest_route=\/wp\/v2\/posts"}],"about":[{"href":"https:\/\/www.the-peters.de\/index.php?rest_route=\/wp\/v2\/types\/post"}],"author":[{"embeddable":true,"href":"https:\/\/www.the-peters.de\/index.php?rest_route=\/wp\/v2\/users\/3"}],"replies":[{"embeddable":true,"href":"https:\/\/www.the-peters.de\/index.php?rest_route=%2Fwp%2Fv2%2Fcomments&post=1023"}],"version-history":[{"count":0,"href":"https:\/\/www.the-peters.de\/index.php?rest_route=\/wp\/v2\/posts\/1023\/revisions"}],"wp:attachment":[{"href":"https:\/\/www.the-peters.de\/index.php?rest_route=%2Fwp%2Fv2%2Fmedia&parent=1023"}],"wp:term":[{"taxonomy":"category","embeddable":true,"href":"https:\/\/www.the-peters.de\/index.php?rest_route=%2Fwp%2Fv2%2Fcategories&post=1023"},{"taxonomy":"post_tag","embeddable":true,"href":"https:\/\/www.the-peters.de\/index.php?rest_route=%2Fwp%2Fv2%2Ftags&post=1023"}],"curies":[{"name":"wp","href":"https:\/\/api.w.org\/{rel}","templated":true}]}}